{"id":352476,"date":"2022-08-08T17:25:36","date_gmt":"2022-08-08T15:25:36","guid":{"rendered":"https:\/\/www.santamarialapalma.it\/compleanno-la-cantina-alghero\/"},"modified":"2023-03-23T11:58:29","modified_gmt":"2023-03-23T10:58:29","slug":"compleanno-la-cantina-alghero","status":"publish","type":"post","link":"https:\/\/www.santamarialapalma.it\/en\/compleanno-la-cantina-alghero\/","title":{"rendered":"Buon compleanno a La Cantina, l\u2019enoteca e vineria della Cantina Santa Maria La Palma"},"content":{"rendered":"<p style=\"text-align: left;\" align=\"CENTER\"><i>La Cantina, lo spazio per gli amanti del vino aperto ad Alghero in Via XXIV Maggio n.4, <\/i><i>compie un anno e lo celebra con una serata di musica e degustazioni<\/i><\/p>\n<p>La Cantina, il locale polifunzionale che unisce enoteca, vineria e wine academy inaugurato dalla Cantina Santa Maria La Palma nel cuore di Alghero, compie un anno e lo celebra con una festa di compleanno.<\/p>\n<p>Mercoled\u00ec 10 agosto la veranda del locale ospiter\u00e0 una serata speciale, durante la quale sar\u00e0 possibile degustare calici dei vini della Cantina Santa Maria La Palma, assaggiare dei prodotti tipici del territorio e divertirsi con la musica dei Sergio\u2019s, trio di musicisti algheresi che si esibir\u00e0 in un repertorio di cover italiane dagli anni \u201860 a oggi.<\/p>\n<p><i>\u00abNel corso di 12 mesi questa nuova struttura ha ospitato eventi, acquisti di vino e centinaia di degustazioni e percorsi guidati pensati per far immergere le persone nel mondo della produzione enologica di Alghero\u00bb<\/i>, sottolineano dall\u2019azienda. <i>\u00abAbbiamo accolto cittadini algheresi e altri provenienti da tutta la nostra regione, insieme a turisti italiani e internazionali. Abbiamo supportato press tour &#8211; come quello proveniente dalla Catalogna, in collaborazione con la Fondazione Alghero, il Comune di Alghero e il Consorzio Riviera del Corallo &#8211; e fatto conoscere la nostra citt\u00e0 e i suoi vini a tantissime persone. Con l\u2019apertura de La Cantina abbiamo voluto dare vita a un locale unico nel suo genere, un\u2019ambasciata della Cantina Santa Maria La Palma nel cuore cittadino: un\u2019azione per supportare sempre di pi\u00f9 l\u2019idea di Alghero come citt\u00e0 del vino\u00bb.<\/i><\/p>\n<p><img loading=\"lazy\" decoding=\"async\" class=\"alignnone size-large wp-image-352473\" src=\"https:\/\/www.santamarialapalma.it\/wp-content\/uploads\/2022\/08\/Degustazione-la-cantina-alghero-1024x576.jpg\" alt=\"\" width=\"1024\" height=\"576\" srcset=\"https:\/\/www.santamarialapalma.it\/wp-content\/uploads\/2022\/08\/Degustazione-la-cantina-alghero-1024x576.jpg 1024w, https:\/\/www.santamarialapalma.it\/wp-content\/uploads\/2022\/08\/Degustazione-la-cantina-alghero-300x169.jpg 300w, https:\/\/www.santamarialapalma.it\/wp-content\/uploads\/2022\/08\/Degustazione-la-cantina-alghero-768x432.jpg 768w, https:\/\/www.santamarialapalma.it\/wp-content\/uploads\/2022\/08\/Degustazione-la-cantina-alghero-1536x864.jpg 1536w, https:\/\/www.santamarialapalma.it\/wp-content\/uploads\/2022\/08\/Degustazione-la-cantina-alghero-700x394.jpg 700w, https:\/\/www.santamarialapalma.it\/wp-content\/uploads\/2022\/08\/Degustazione-la-cantina-alghero.jpg 1920w\" sizes=\"auto, (max-width: 1024px) 100vw, 1024px\" \/><\/p>\n<p>Accanto alle azioni sopra citate La Cantina ha ospitato momenti di formazione pensati per chi lavora nel settore Ho.re.ca, in modo da dare un\u2019istruzione aggiuntiva a chi ha il compito di raccontare i vini dentro bar, hotel e ristoranti: un\u2019azione che \u00e8 stata molto apprezzata dalle attivit\u00e0 del settore.<\/p>\n<p><i>\u00abUn anno fa abbiamo inaugurato questo locale con un obiettivo preciso: dare a tutti gli appassionati di vino uno spazio di condivisione, dedicato alla conoscenza dei vini del nostro territorio attraverso wine tasting e percorsi aperti a tutti, dai semplici interessati agli esperti e amanti dell\u2019enologia\u00bb<\/i>, proseguono dall\u2019azienda. <i>\u00abOltre ai vini, visitando La Cantina \u00e8 possibile assaggiare delle altre delizie del territorio come salumi, formaggi, pane, confetture e primizie locali, un modo per immergersi nelle produz<\/i>ioni <i>agroalimentari della Sardegna\u00bb.<\/i><\/p>\n<p>La serata di compleanno sar\u00e0 un\u2019occasione per conoscere questo locale, divertirsi e celebrare l\u2019anniversario e l\u2019estate con un bel calice di vino e buona musica.<\/p>\n<p>L\u2019appuntamento \u00e8 in Via XXIV Maggio n.4: l\u2019ingresso \u00e8 libero, per chi volesse prenotare un tavolo \u00e8 possibile farlo chiamando il numero 079 601 0139.<\/p>\n","protected":false},"excerpt":{"rendered":"<style>.arsociallike_button_wrapper *{\nbox-sizing: border-box;\n}<\/style>\n<p><input type='hidden' name='ars_global_like_settings' id='ars_global_like_settings' value='{\"facebook\":{\"app_id\":\"320733098295484\",\"app_version\":\"2.5\"},\"vk\":{\"vk_app_id\":\"\"},\"linkedin\":{\"linkedin_api_key\":\"\"},\"bitly\":{\"bitly_api_key\":\"\"},\"google\":{\"google_client_id\":\"\",\"google_api_key\":\"\"},\"twitter\":{\"twitter_api_key\":\"\",\"twitter_api_secret\":\"\",\"twitter_access_token\":\"\",\"twitter_access_token_secret\":\"\"},\"email\":{\"email_method\":\"wp_method\",\"operate_email\":\"popup\",\"edit_email\":\"0\",\"default_subject\":\"Visit this site [site_url]\",\"default_body\":\"Hi. This may be interesting you: [site_title]! Here is the link [site_permalink]\"},\"enable_url_short_name\":\"0\",\"short_url_type\":\"wordpress\",\"after_share_enable\":\"\",\"after_share\":\"\",\"after_share_content\":\"\",\"short_url_type_enable_google_api\":\"0\",\"share_fonts\":\"Open Sans\",\"like_fonts\":\"Open Sans\",\"fan_fonts\":\"Open Sans\",\"locker_fonts\":\"Open Sans\",\"fan_counter_update_data\":\"15\",\"global_share_assets\":\"0\",\"global_like_assets\":\"0\",\"global_fan_assets\":\"0\",\"global_locker_assets\":\"0\"}' \/><input type='hidden' name='ars_like_shortcode_settings' id='ars_like_shortcode_settings' value='{\"facebook\":{\"is_fb_like\":\"1\",\"fb_like_url\":\"\",\"fb_button_width\":\"\",\"fb_button_layout\":\"button_count\",\"fb_button_action_type\":\"like\",\"fb_button_show_friend_face\":\"\",\"facebook_like_button_colorscheme\":\"light\",\"facebook_like_button_language\":\"it_IT\"},\"twitter\":{\"is_twitter_like\":\"\",\"twitter_like_url\":\"\",\"twitter_show_username\":\"\",\"twitter_large_button\":\"\",\"twitter_opt_out_tailoring\":\"\",\"twitter_button_language\":\"automatic\"},\"googleplus\":{\"is_googleplus_like\":\"\",\"googleplus_like_url\":\"\",\"googleplus_button_size\":\"\",\"googleplus_button_annotation\":\"none\",\"googleplus_like_dynamic\":\"\",\"googleplus_button_parse_tag\":\"\",\"googleplus_like_js_callback\":\"\",\"googleplus_like_width\":\"\",\"googleplus_button_language\":\"en\"},\"youtube\":{\"is_youtube_like\":\"\",\"is_youtube_id\":\"\",\"youtube_like_layout\":\"dafault\",\"youtube_like_theme\":\"dafault\",\"youtube_like_subscriber_count\":\"dafault\",\"youtube_like_button_subscribe_using\":\"\"},\"pinterest\":{\"is_pinterest_like\":\"\",\"pinterest_like_url\":\"\",\"pinterest_like_custom_image_url\":\"\",\"is_pinterest_round\":\"\",\"is_pinterest_large\":\"\",\"pinterest_like_discription\":\"\",\"pinterest_like_color\":\"red\",\"pinterest_like_count_position\":\"not_shown\",\"pinterest_like_image\":\"\",\"pinterest_like_language\":\"en\"},\"pinterest_follow\":{\"is_pinterest_follow\":\"\",\"pinterest_follow_url\":\"\",\"pinterest_follow_name\":\"\"},\"vk\":{\"is_vk_like\":\"\",\"vk_button_layout\":\"button\",\"vk_button_name\":\"normal\",\"vk_button_url\":\"\"},\"instagram\":{\"is_instagram_like\":\"1\",\"instagram_like_username\":\"santamarialapalma\"},\"tumblr\":{\"is_tumblr_like\":\"\",\"tumblr_like_blogname\":\"\",\"tumblr_like_button_color\":\"\",\"tumblr_follow_language\":\"\",\"tumblr_like_display_username\":\"\"},\"linkedin\":{\"is_linkedin_like\":\"\",\"linkedin_like_username\":\"\",\"linkedin_counter_position\":\"right\",\"linkedin_button_langauge\":\"en_US\"},\"viadeo\":{\"is_viadeo_like\":\"\",\"viadeo_like_url\":\"\",\"viadeo_button_type\":\"default\",\"viadeo_like_shortname\":\"\"},\"flipboard\":{\"is_flipboard_like\":\"\",\"flipboard_button_color\":\"\",\"flipboard_button_style\":\"\",\"flipboard_like_username\":\"\",\"flipboard_button_size\":\"\"},\"flickr\":{\"is_flickr_like\":\"\",\"flickr_like_username\":\"\",\"flickr_button_color\":\"\",\"flickr_button_style\":\"\",\"flickr_button_height\":\"\",\"flickr_button_weight\":\"\"},\"facebook_follow\":{\"is_fb_follow_like\":\"\",\"fb_follow_like_url\":\"\",\"fb_follow_button_width\":\"\",\"fb_follow_button_height\":\"\",\"fb_follow_button_layout\":\"standard\",\"fb_follow_button_show_friend_face\":\"\",\"facebook_follow_like_button_colorscheme\":\"light\",\"facebook_follow_button_language\":\"en_US\"},\"googleplus_follow\":{\"is_googleplus_follow\":\"\",\"googleplus_follow_url\":\"\",\"googleplus_follow_button_annotation\":\"none\",\"googleplus_follow_height\":\"15\",\"googleplus_follow_rel\":\"author\",\"googleplus_follow_button_language\":\"en\"},\"display\":{\"selected_network\":[\"facebook\",\"instagram\"],\"post\":{\"enable\":\"true\",\"skin\":\"skin3\",\"top\":\"\",\"bottom\":\"1\",\"floating\":\"\",\"align\":\"ars_align_right\",\"load_native_btn\":\"yes\",\"btn_width\":\"1\",\"post_excerpt\":\"no\",\"exclude_pages\":\"\"},\"arsocialshare_like_customcss\":\".arsociallike_button_wrapper *{\\r\\nbox-sizing: border-box;\\r\\n}\",\"mobile\":{\"disply_type\":\"\",\"skin\":\"default\",\"more_button_style\":\"plus_icon\",\"bar_label\":\"Like\",\"button_position\":\"left\"},\"hide_mobile\":{\"enable_mobile_hide_top\":\"\",\"enable_mobile_hide_bottom\":\"\",\"enable_mobile_hide_top_bottom_bar\":\"\",\"enable_mobile_hide_onload\":\"\"}}}' \/>La Cantina, lo spazio per gli amanti del vino aperto ad Alghero in Via XXIV Maggio n.4, compie un anno e lo celebra con una serata di musica e degustazioni La Cantina, il locale polifunzionale che unisce enoteca, vineria e wine academy inaugurato dalla Cantina Santa Maria La Palma nel cuore di Alghero, compie un anno e lo celebra con una festa di compleanno. Mercoled\u00ec 10 agosto la veranda del locale ospiter\u00e0 una serata speciale, durante la quale sar\u00e0 possibile degustare calici dei vini della Cantina Santa Maria La Palma, assaggiare dei prodotti tipici del territorio e divertirsi con la&#8230;<\/p>\n","protected":false},"author":1,"featured_media":352472,"comment_status":"closed","ping_status":"open","sticky":false,"template":"","format":"standard","meta":{"footnotes":""},"categories":[191,187],"tags":[],"class_list":["post-352476","post","type-post","status-publish","format-standard","has-post-thumbnail","hentry","category-eventi-en","category-news-en"],"yoast_head":"<!-- This site is optimized with the Yoast SEO plugin v27.5 - https:\/\/yoast.com\/product\/yoast-seo-wordpress\/ -->\n<title>Buon compleanno a La Cantina, l\u2019enoteca e vineria della Cantina Santa Maria La Palma - Cantina Santa Maria La Palma Alghero<\/title>\n<meta name=\"robots\" content=\"index, follow, max-snippet:-1, max-image-preview:large, max-video-preview:-1\" \/>\n<link rel=\"canonical\" href=\"https:\/\/www.santamarialapalma.it\/en\/compleanno-la-cantina-alghero\/\" \/>\n<meta property=\"og:locale\" content=\"en_US\" \/>\n<meta property=\"og:type\" content=\"article\" \/>\n<meta property=\"og:title\" content=\"Buon compleanno a La Cantina, l\u2019enoteca e vineria della Cantina Santa Maria La Palma - Cantina Santa Maria La Palma Alghero\" \/>\n<meta property=\"og:description\" content=\"La Cantina, lo spazio per gli amanti del vino aperto ad Alghero in Via XXIV Maggio n.4, compie un anno e lo celebra con una serata di musica e degustazioni La Cantina, il locale polifunzionale che unisce enoteca, vineria e wine academy inaugurato dalla Cantina Santa Maria La Palma nel cuore di Alghero, compie un anno e lo celebra con una festa di compleanno. Mercoled\u00ec 10 agosto la veranda del locale ospiter\u00e0 una serata speciale, durante la quale sar\u00e0 possibile degustare calici dei vini della Cantina Santa Maria La Palma, assaggiare dei prodotti tipici del territorio e divertirsi con la...\" \/>\n<meta property=\"og:url\" content=\"https:\/\/www.santamarialapalma.it\/en\/compleanno-la-cantina-alghero\/\" \/>\n<meta property=\"og:site_name\" content=\"Cantina Santa Maria La Palma Alghero\" \/>\n<meta property=\"article:publisher\" content=\"https:\/\/www.facebook.com\/santamarialapalma\" \/>\n<meta property=\"article:published_time\" content=\"2022-08-08T15:25:36+00:00\" \/>\n<meta property=\"article:modified_time\" content=\"2023-03-23T10:58:29+00:00\" \/>\n<meta property=\"og:image\" content=\"https:\/\/www.santamarialapalma.it\/wp-content\/uploads\/2022\/08\/Buon-compleanno-la-cantina.jpg\" \/>\n\t<meta property=\"og:image:width\" content=\"1920\" \/>\n\t<meta property=\"og:image:height\" content=\"1080\" \/>\n\t<meta property=\"og:image:type\" content=\"image\/jpeg\" \/>\n<meta name=\"author\" content=\"csmlp\" \/>\n<meta name=\"twitter:card\" content=\"summary_large_image\" \/>\n<meta name=\"twitter:creator\" content=\"@cantinasmlp\" \/>\n<meta name=\"twitter:site\" content=\"@cantinasmlp\" \/>\n<meta name=\"twitter:label1\" content=\"Written by\" \/>\n\t<meta name=\"twitter:data1\" content=\"csmlp\" \/>\n\t<meta name=\"twitter:label2\" content=\"Est. reading time\" \/>\n\t<meta name=\"twitter:data2\" content=\"2 minutes\" \/>\n<script type=\"application\/ld+json\" class=\"yoast-schema-graph\">{\"@context\":\"https:\\\/\\\/schema.org\",\"@graph\":[{\"@type\":\"Article\",\"@id\":\"https:\\\/\\\/www.santamarialapalma.it\\\/en\\\/compleanno-la-cantina-alghero\\\/#article\",\"isPartOf\":{\"@id\":\"https:\\\/\\\/www.santamarialapalma.it\\\/en\\\/compleanno-la-cantina-alghero\\\/\"},\"author\":{\"name\":\"csmlp\",\"@id\":\"https:\\\/\\\/www.santamarialapalma.it\\\/en\\\/#\\\/schema\\\/person\\\/2363dd00efe457912faec8e0042004f0\"},\"headline\":\"Buon compleanno a La Cantina, l\u2019enoteca e vineria della Cantina Santa Maria La Palma\",\"datePublished\":\"2022-08-08T15:25:36+00:00\",\"dateModified\":\"2023-03-23T10:58:29+00:00\",\"mainEntityOfPage\":{\"@id\":\"https:\\\/\\\/www.santamarialapalma.it\\\/en\\\/compleanno-la-cantina-alghero\\\/\"},\"wordCount\":453,\"publisher\":{\"@id\":\"https:\\\/\\\/www.santamarialapalma.it\\\/en\\\/#organization\"},\"image\":{\"@id\":\"https:\\\/\\\/www.santamarialapalma.it\\\/en\\\/compleanno-la-cantina-alghero\\\/#primaryimage\"},\"thumbnailUrl\":\"https:\\\/\\\/www.santamarialapalma.it\\\/wp-content\\\/uploads\\\/2022\\\/08\\\/Buon-compleanno-la-cantina.jpg\",\"articleSection\":[\"Events\",\"News\"],\"inLanguage\":\"en-US\"},{\"@type\":\"WebPage\",\"@id\":\"https:\\\/\\\/www.santamarialapalma.it\\\/en\\\/compleanno-la-cantina-alghero\\\/\",\"url\":\"https:\\\/\\\/www.santamarialapalma.it\\\/en\\\/compleanno-la-cantina-alghero\\\/\",\"name\":\"Buon compleanno a La Cantina, l\u2019enoteca e vineria della Cantina Santa Maria La Palma - Cantina Santa Maria La Palma Alghero\",\"isPartOf\":{\"@id\":\"https:\\\/\\\/www.santamarialapalma.it\\\/en\\\/#website\"},\"primaryImageOfPage\":{\"@id\":\"https:\\\/\\\/www.santamarialapalma.it\\\/en\\\/compleanno-la-cantina-alghero\\\/#primaryimage\"},\"image\":{\"@id\":\"https:\\\/\\\/www.santamarialapalma.it\\\/en\\\/compleanno-la-cantina-alghero\\\/#primaryimage\"},\"thumbnailUrl\":\"https:\\\/\\\/www.santamarialapalma.it\\\/wp-content\\\/uploads\\\/2022\\\/08\\\/Buon-compleanno-la-cantina.jpg\",\"datePublished\":\"2022-08-08T15:25:36+00:00\",\"dateModified\":\"2023-03-23T10:58:29+00:00\",\"breadcrumb\":{\"@id\":\"https:\\\/\\\/www.santamarialapalma.it\\\/en\\\/compleanno-la-cantina-alghero\\\/#breadcrumb\"},\"inLanguage\":\"en-US\",\"potentialAction\":[{\"@type\":\"ReadAction\",\"target\":[\"https:\\\/\\\/www.santamarialapalma.it\\\/en\\\/compleanno-la-cantina-alghero\\\/\"]}]},{\"@type\":\"ImageObject\",\"inLanguage\":\"en-US\",\"@id\":\"https:\\\/\\\/www.santamarialapalma.it\\\/en\\\/compleanno-la-cantina-alghero\\\/#primaryimage\",\"url\":\"https:\\\/\\\/www.santamarialapalma.it\\\/wp-content\\\/uploads\\\/2022\\\/08\\\/Buon-compleanno-la-cantina.jpg\",\"contentUrl\":\"https:\\\/\\\/www.santamarialapalma.it\\\/wp-content\\\/uploads\\\/2022\\\/08\\\/Buon-compleanno-la-cantina.jpg\",\"width\":1920,\"height\":1080},{\"@type\":\"BreadcrumbList\",\"@id\":\"https:\\\/\\\/www.santamarialapalma.it\\\/en\\\/compleanno-la-cantina-alghero\\\/#breadcrumb\",\"itemListElement\":[{\"@type\":\"ListItem\",\"position\":1,\"name\":\"Home\",\"item\":\"https:\\\/\\\/www.santamarialapalma.it\\\/en\\\/\"},{\"@type\":\"ListItem\",\"position\":2,\"name\":\"Buon compleanno a La Cantina, l\u2019enoteca e vineria della Cantina Santa Maria La Palma\"}]},{\"@type\":\"WebSite\",\"@id\":\"https:\\\/\\\/www.santamarialapalma.it\\\/en\\\/#website\",\"url\":\"https:\\\/\\\/www.santamarialapalma.it\\\/en\\\/\",\"name\":\"Cantina Santa Maria La Palma Alghero\",\"description\":\"\",\"publisher\":{\"@id\":\"https:\\\/\\\/www.santamarialapalma.it\\\/en\\\/#organization\"},\"potentialAction\":[{\"@type\":\"SearchAction\",\"target\":{\"@type\":\"EntryPoint\",\"urlTemplate\":\"https:\\\/\\\/www.santamarialapalma.it\\\/en\\\/?s={search_term_string}\"},\"query-input\":{\"@type\":\"PropertyValueSpecification\",\"valueRequired\":true,\"valueName\":\"search_term_string\"}}],\"inLanguage\":\"en-US\"},{\"@type\":\"Organization\",\"@id\":\"https:\\\/\\\/www.santamarialapalma.it\\\/en\\\/#organization\",\"name\":\"Cantina Sociale Santa Maria La Palma\",\"url\":\"https:\\\/\\\/www.santamarialapalma.it\\\/en\\\/\",\"logo\":{\"@type\":\"ImageObject\",\"inLanguage\":\"en-US\",\"@id\":\"https:\\\/\\\/www.santamarialapalma.it\\\/en\\\/#\\\/schema\\\/logo\\\/image\\\/\",\"url\":\"https:\\\/\\\/www.santamarialapalma.it\\\/wp-content\\\/uploads\\\/2015\\\/09\\\/logo_footer.png\",\"contentUrl\":\"https:\\\/\\\/www.santamarialapalma.it\\\/wp-content\\\/uploads\\\/2015\\\/09\\\/logo_footer.png\",\"width\":140,\"height\":75,\"caption\":\"Cantina Sociale Santa Maria La Palma\"},\"image\":{\"@id\":\"https:\\\/\\\/www.santamarialapalma.it\\\/en\\\/#\\\/schema\\\/logo\\\/image\\\/\"},\"sameAs\":[\"https:\\\/\\\/www.facebook.com\\\/santamarialapalma\",\"https:\\\/\\\/x.com\\\/cantinasmlp\",\"http:\\\/\\\/santamarialapalma\"]},{\"@type\":\"Person\",\"@id\":\"https:\\\/\\\/www.santamarialapalma.it\\\/en\\\/#\\\/schema\\\/person\\\/2363dd00efe457912faec8e0042004f0\",\"name\":\"csmlp\"}]}<\/script>\n<!-- \/ Yoast SEO plugin. -->","yoast_head_json":{"title":"Buon compleanno a La Cantina, l\u2019enoteca e vineria della Cantina Santa Maria La Palma - Cantina Santa Maria La Palma Alghero","robots":{"index":"index","follow":"follow","max-snippet":"max-snippet:-1","max-image-preview":"max-image-preview:large","max-video-preview":"max-video-preview:-1"},"canonical":"https:\/\/www.santamarialapalma.it\/en\/compleanno-la-cantina-alghero\/","og_locale":"en_US","og_type":"article","og_title":"Buon compleanno a La Cantina, l\u2019enoteca e vineria della Cantina Santa Maria La Palma - Cantina Santa Maria La Palma Alghero","og_description":"La Cantina, lo spazio per gli amanti del vino aperto ad Alghero in Via XXIV Maggio n.4, compie un anno e lo celebra con una serata di musica e degustazioni La Cantina, il locale polifunzionale che unisce enoteca, vineria e wine academy inaugurato dalla Cantina Santa Maria La Palma nel cuore di Alghero, compie un anno e lo celebra con una festa di compleanno. Mercoled\u00ec 10 agosto la veranda del locale ospiter\u00e0 una serata speciale, durante la quale sar\u00e0 possibile degustare calici dei vini della Cantina Santa Maria La Palma, assaggiare dei prodotti tipici del territorio e divertirsi con la...","og_url":"https:\/\/www.santamarialapalma.it\/en\/compleanno-la-cantina-alghero\/","og_site_name":"Cantina Santa Maria La Palma Alghero","article_publisher":"https:\/\/www.facebook.com\/santamarialapalma","article_published_time":"2022-08-08T15:25:36+00:00","article_modified_time":"2023-03-23T10:58:29+00:00","og_image":[{"width":1920,"height":1080,"url":"https:\/\/www.santamarialapalma.it\/wp-content\/uploads\/2022\/08\/Buon-compleanno-la-cantina.jpg","type":"image\/jpeg"}],"author":"csmlp","twitter_card":"summary_large_image","twitter_creator":"@cantinasmlp","twitter_site":"@cantinasmlp","twitter_misc":{"Written by":"csmlp","Est. reading time":"2 minutes"},"schema":{"@context":"https:\/\/schema.org","@graph":[{"@type":"Article","@id":"https:\/\/www.santamarialapalma.it\/en\/compleanno-la-cantina-alghero\/#article","isPartOf":{"@id":"https:\/\/www.santamarialapalma.it\/en\/compleanno-la-cantina-alghero\/"},"author":{"name":"csmlp","@id":"https:\/\/www.santamarialapalma.it\/en\/#\/schema\/person\/2363dd00efe457912faec8e0042004f0"},"headline":"Buon compleanno a La Cantina, l\u2019enoteca e vineria della Cantina Santa Maria La Palma","datePublished":"2022-08-08T15:25:36+00:00","dateModified":"2023-03-23T10:58:29+00:00","mainEntityOfPage":{"@id":"https:\/\/www.santamarialapalma.it\/en\/compleanno-la-cantina-alghero\/"},"wordCount":453,"publisher":{"@id":"https:\/\/www.santamarialapalma.it\/en\/#organization"},"image":{"@id":"https:\/\/www.santamarialapalma.it\/en\/compleanno-la-cantina-alghero\/#primaryimage"},"thumbnailUrl":"https:\/\/www.santamarialapalma.it\/wp-content\/uploads\/2022\/08\/Buon-compleanno-la-cantina.jpg","articleSection":["Events","News"],"inLanguage":"en-US"},{"@type":"WebPage","@id":"https:\/\/www.santamarialapalma.it\/en\/compleanno-la-cantina-alghero\/","url":"https:\/\/www.santamarialapalma.it\/en\/compleanno-la-cantina-alghero\/","name":"Buon compleanno a La Cantina, l\u2019enoteca e vineria della Cantina Santa Maria La Palma - Cantina Santa Maria La Palma Alghero","isPartOf":{"@id":"https:\/\/www.santamarialapalma.it\/en\/#website"},"primaryImageOfPage":{"@id":"https:\/\/www.santamarialapalma.it\/en\/compleanno-la-cantina-alghero\/#primaryimage"},"image":{"@id":"https:\/\/www.santamarialapalma.it\/en\/compleanno-la-cantina-alghero\/#primaryimage"},"thumbnailUrl":"https:\/\/www.santamarialapalma.it\/wp-content\/uploads\/2022\/08\/Buon-compleanno-la-cantina.jpg","datePublished":"2022-08-08T15:25:36+00:00","dateModified":"2023-03-23T10:58:29+00:00","breadcrumb":{"@id":"https:\/\/www.santamarialapalma.it\/en\/compleanno-la-cantina-alghero\/#breadcrumb"},"inLanguage":"en-US","potentialAction":[{"@type":"ReadAction","target":["https:\/\/www.santamarialapalma.it\/en\/compleanno-la-cantina-alghero\/"]}]},{"@type":"ImageObject","inLanguage":"en-US","@id":"https:\/\/www.santamarialapalma.it\/en\/compleanno-la-cantina-alghero\/#primaryimage","url":"https:\/\/www.santamarialapalma.it\/wp-content\/uploads\/2022\/08\/Buon-compleanno-la-cantina.jpg","contentUrl":"https:\/\/www.santamarialapalma.it\/wp-content\/uploads\/2022\/08\/Buon-compleanno-la-cantina.jpg","width":1920,"height":1080},{"@type":"BreadcrumbList","@id":"https:\/\/www.santamarialapalma.it\/en\/compleanno-la-cantina-alghero\/#breadcrumb","itemListElement":[{"@type":"ListItem","position":1,"name":"Home","item":"https:\/\/www.santamarialapalma.it\/en\/"},{"@type":"ListItem","position":2,"name":"Buon compleanno a La Cantina, l\u2019enoteca e vineria della Cantina Santa Maria La Palma"}]},{"@type":"WebSite","@id":"https:\/\/www.santamarialapalma.it\/en\/#website","url":"https:\/\/www.santamarialapalma.it\/en\/","name":"Cantina Santa Maria La Palma Alghero","description":"","publisher":{"@id":"https:\/\/www.santamarialapalma.it\/en\/#organization"},"potentialAction":[{"@type":"SearchAction","target":{"@type":"EntryPoint","urlTemplate":"https:\/\/www.santamarialapalma.it\/en\/?s={search_term_string}"},"query-input":{"@type":"PropertyValueSpecification","valueRequired":true,"valueName":"search_term_string"}}],"inLanguage":"en-US"},{"@type":"Organization","@id":"https:\/\/www.santamarialapalma.it\/en\/#organization","name":"Cantina Sociale Santa Maria La Palma","url":"https:\/\/www.santamarialapalma.it\/en\/","logo":{"@type":"ImageObject","inLanguage":"en-US","@id":"https:\/\/www.santamarialapalma.it\/en\/#\/schema\/logo\/image\/","url":"https:\/\/www.santamarialapalma.it\/wp-content\/uploads\/2015\/09\/logo_footer.png","contentUrl":"https:\/\/www.santamarialapalma.it\/wp-content\/uploads\/2015\/09\/logo_footer.png","width":140,"height":75,"caption":"Cantina Sociale Santa Maria La Palma"},"image":{"@id":"https:\/\/www.santamarialapalma.it\/en\/#\/schema\/logo\/image\/"},"sameAs":["https:\/\/www.facebook.com\/santamarialapalma","https:\/\/x.com\/cantinasmlp","http:\/\/santamarialapalma"]},{"@type":"Person","@id":"https:\/\/www.santamarialapalma.it\/en\/#\/schema\/person\/2363dd00efe457912faec8e0042004f0","name":"csmlp"}]}},"_links":{"self":[{"href":"https:\/\/www.santamarialapalma.it\/en\/wp-json\/wp\/v2\/posts\/352476","targetHints":{"allow":["GET"]}}],"collection":[{"href":"https:\/\/www.santamarialapalma.it\/en\/wp-json\/wp\/v2\/posts"}],"about":[{"href":"https:\/\/www.santamarialapalma.it\/en\/wp-json\/wp\/v2\/types\/post"}],"author":[{"embeddable":true,"href":"https:\/\/www.santamarialapalma.it\/en\/wp-json\/wp\/v2\/users\/1"}],"replies":[{"embeddable":true,"href":"https:\/\/www.santamarialapalma.it\/en\/wp-json\/wp\/v2\/comments?post=352476"}],"version-history":[{"count":1,"href":"https:\/\/www.santamarialapalma.it\/en\/wp-json\/wp\/v2\/posts\/352476\/revisions"}],"predecessor-version":[{"id":352800,"href":"https:\/\/www.santamarialapalma.it\/en\/wp-json\/wp\/v2\/posts\/352476\/revisions\/352800"}],"wp:featuredmedia":[{"embeddable":true,"href":"https:\/\/www.santamarialapalma.it\/en\/wp-json\/wp\/v2\/media\/352472"}],"wp:attachment":[{"href":"https:\/\/www.santamarialapalma.it\/en\/wp-json\/wp\/v2\/media?parent=352476"}],"wp:term":[{"taxonomy":"category","embeddable":true,"href":"https:\/\/www.santamarialapalma.it\/en\/wp-json\/wp\/v2\/categories?post=352476"},{"taxonomy":"post_tag","embeddable":true,"href":"https:\/\/www.santamarialapalma.it\/en\/wp-json\/wp\/v2\/tags?post=352476"}],"curies":[{"name":"wp","href":"https:\/\/api.w.org\/{rel}","templated":true}]}}